{"id":96,"date":"2018-11-06T21:15:09","date_gmt":"2018-11-06T20:15:09","guid":{"rendered":"http:\/\/www.ecolegabrieldeshayes.fr\/blog\/?p=96"},"modified":"2018-12-17T20:10:22","modified_gmt":"2018-12-17T19:10:22","slug":"4-octobre-naissance-de-nutella-chez-les-ce2-cm1","status":"publish","type":"post","link":"https:\/\/www.ecolegabrieldeshayes.fr\/blog\/?p=96","title":{"rendered":"4 octobre : Naissance de Nutella chez les CE2-CM1"},"content":{"rendered":"<p>Lundi 17 septembre : la classe de CE2-CM1 a re\u00e7u un dr\u00f4le de colis.. 10 chenilles ! L&rsquo;\u00e9levage peut commencer \ud83d\ude42 Les enfants ont pu observer de pr\u00e8s les chenilles se transformer en chrysalides..<\/p>\n<p>Jeudi 4 octobre :\u00a0 le 1er papillon est n\u00e9 sous nos yeux \u00e0 14h! Il s&rsquo;appelle Nutella. Les enfants l&rsquo;ont nourri avec de l&rsquo;orange, de la banane et du nectar fait maison.<\/p>\n<p>Vendredi 5 octobre : 7 autres papillons sont n\u00e9s aujourd&rsquo;hui. Nous les avons remis en libert\u00e9 en fin de journ\u00e9e car c&rsquo;est une esp\u00e8ce qui ne vit que 15 jours. Au revoir \u00e0 Nutella et ses amis !<\/p>\n<p>Mardi 9 octobre : les 2 derniers papillons sont n\u00e9s et se sont envol\u00e9s vers de nouvelles aventures&#8230;<\/p>\n<p><a href=\"https:\/\/photos.app.goo.gl\/aN1rZhHEQz1uRN3e8\">Photos Nutella<\/a><\/p>\n","protected":false},"excerpt":{"rendered":"<p>Lundi 17 septembre : la classe de CE2-CM1 a re\u00e7u un dr\u00f4le de colis.. 10 chenilles ! L&rsquo;\u00e9levage peut commencer \ud83d\ude42 Les enfants ont pu observer de pr\u00e8s les chenilles se transformer en chrysalides.. Jeudi 4 octobre :\u00a0 le 1er papillon est n\u00e9 sous nos yeux \u00e0 14h! Il s&rsquo;appelle Nutella. Les enfants l&rsquo;ont nourri &hellip; <\/p>\n<p class=\"link-more\"><a href=\"https:\/\/www.ecolegabrieldeshayes.fr\/blog\/?p=96\" class=\"more-link\">Continuer la lecture<span class=\"screen-reader-text\"> de &laquo;&nbsp;4 octobre : Naissance de Nutella chez les CE2-CM1&nbsp;&raquo;<\/span><\/a><\/p>\n","protected":false},"author":6,"featured_media":0,"comment_status":"closed","ping_status":"open","sticky":false,"template":"","format":"standard","meta":{"footnotes":""},"categories":[6,7],"tags":[],"class_list":["post-96","post","type-post","status-publish","format-standard","hentry","category-cycle-2","category-cycle-3"],"_links":{"self":[{"href":"https:\/\/www.ecolegabrieldeshayes.fr\/blog\/index.php?rest_route=\/wp\/v2\/posts\/96","targetHints":{"allow":["GET"]}}],"collection":[{"href":"https:\/\/www.ecolegabrieldeshayes.fr\/blog\/index.php?rest_route=\/wp\/v2\/posts"}],"about":[{"href":"https:\/\/www.ecolegabrieldeshayes.fr\/blog\/index.php?rest_route=\/wp\/v2\/types\/post"}],"author":[{"embeddable":true,"href":"https:\/\/www.ecolegabrieldeshayes.fr\/blog\/index.php?rest_route=\/wp\/v2\/users\/6"}],"replies":[{"embeddable":true,"href":"https:\/\/www.ecolegabrieldeshayes.fr\/blog\/index.php?rest_route=%2Fwp%2Fv2%2Fcomments&post=96"}],"version-history":[{"count":1,"href":"https:\/\/www.ecolegabrieldeshayes.fr\/blog\/index.php?rest_route=\/wp\/v2\/posts\/96\/revisions"}],"predecessor-version":[{"id":97,"href":"https:\/\/www.ecolegabrieldeshayes.fr\/blog\/index.php?rest_route=\/wp\/v2\/posts\/96\/revisions\/97"}],"wp:attachment":[{"href":"https:\/\/www.ecolegabrieldeshayes.fr\/blog\/index.php?rest_route=%2Fwp%2Fv2%2Fmedia&parent=96"}],"wp:term":[{"taxonomy":"category","embeddable":true,"href":"https:\/\/www.ecolegabrieldeshayes.fr\/blog\/index.php?rest_route=%2Fwp%2Fv2%2Fcategories&post=96"},{"taxonomy":"post_tag","embeddable":true,"href":"https:\/\/www.ecolegabrieldeshayes.fr\/blog\/index.php?rest_route=%2Fwp%2Fv2%2Ftags&post=96"}],"curies":[{"name":"wp","href":"https:\/\/api.w.org\/{rel}","templated":true}]}}