{"id":968,"date":"2019-03-09T23:13:38","date_gmt":"2019-03-09T22:13:38","guid":{"rendered":"http:\/\/www.ecolegabrieldeshayes.fr\/blog\/?p=968"},"modified":"2019-03-09T23:31:13","modified_gmt":"2019-03-09T22:31:13","slug":"visite-a-la-mediatheque-pour-les-ps-ms","status":"publish","type":"post","link":"https:\/\/www.ecolegabrieldeshayes.fr\/blog\/?p=968","title":{"rendered":"Visite \u00e0 la m\u00e9diath\u00e8que pour les PS\/MS"},"content":{"rendered":"\n<p>Le jeudi 7 mars, nous nous sommes faufil\u00e9s entre deux averses pour acc\u00e9der \u00e0 pied \u00e0 la m\u00e9diath\u00e8que d&rsquo;Auray.<\/p>\n\n\n\n<p>Nous avons d\u00e9couvert ce lieu magique qui regorge de livres.  <br>Catherine et Marion nous ont beaucoup fait rire en racontant des albums \u00e0 deux voix. <\/p>\n\n\n\n<figure class=\"wp-block-image\"><img loading=\"lazy\" decoding=\"async\" width=\"300\" height=\"225\" src=\"https:\/\/www.ecolegabrieldeshayes.fr\/blog\/wp-content\/uploads\/P1200496-300x225.jpg\" alt=\"\" class=\"wp-image-969\" srcset=\"https:\/\/www.ecolegabrieldeshayes.fr\/blog\/wp-content\/uploads\/P1200496-300x225.jpg 300w, https:\/\/www.ecolegabrieldeshayes.fr\/blog\/wp-content\/uploads\/P1200496-768x576.jpg 768w, https:\/\/www.ecolegabrieldeshayes.fr\/blog\/wp-content\/uploads\/P1200496.jpg 1024w\" sizes=\"auto, (max-width: 300px) 100vw, 300px\" \/><\/figure>\n\n\n\n<p>Nous avons ensuite choisi un album que nous avons emprunt\u00e9 pour le lire \u00e0 la maison.<\/p>\n\n\n\n<p>Merci \u00e0 la m\u00e9diath\u00e8que de nous avoir re\u00e7us. Nous avons pass\u00e9 un tr\u00e8s bon moment !  <br>Et merci aux parents d&rsquo;Antoine, Eileen et Zayan de nous avoir accompagn\u00e9s. <\/p>\n\n\n\n<p>Photos : <a href=\"https:\/\/photos.app.goo.gl\/f2v6VbP7jf9ydP687\">https:\/\/photos.app.goo.gl\/f2v6VbP7jf9ydP687<\/a><\/p>\n","protected":false},"excerpt":{"rendered":"<p>Le jeudi 7 mars, nous nous sommes faufil\u00e9s entre deux averses pour acc\u00e9der \u00e0 pied \u00e0 la m\u00e9diath\u00e8que d&rsquo;Auray. Nous avons d\u00e9couvert ce lieu magique qui regorge de livres. Catherine et Marion nous ont beaucoup fait rire en racontant des albums \u00e0 deux voix. Nous avons ensuite choisi un album que nous avons emprunt\u00e9 pour &hellip; <\/p>\n<p class=\"link-more\"><a href=\"https:\/\/www.ecolegabrieldeshayes.fr\/blog\/?p=968\" class=\"more-link\">Continuer la lecture<span class=\"screen-reader-text\"> de &laquo;&nbsp;Visite \u00e0 la m\u00e9diath\u00e8que pour les PS\/MS&nbsp;&raquo;<\/span><\/a><\/p>\n","protected":false},"author":5,"featured_media":0,"comment_status":"closed","ping_status":"open","sticky":false,"template":"","format":"standard","meta":{"footnotes":""},"categories":[5],"tags":[],"class_list":["post-968","post","type-post","status-publish","format-standard","hentry","category-cycle-1"],"_links":{"self":[{"href":"https:\/\/www.ecolegabrieldeshayes.fr\/blog\/index.php?rest_route=\/wp\/v2\/posts\/968","targetHints":{"allow":["GET"]}}],"collection":[{"href":"https:\/\/www.ecolegabrieldeshayes.fr\/blog\/index.php?rest_route=\/wp\/v2\/posts"}],"about":[{"href":"https:\/\/www.ecolegabrieldeshayes.fr\/blog\/index.php?rest_route=\/wp\/v2\/types\/post"}],"author":[{"embeddable":true,"href":"https:\/\/www.ecolegabrieldeshayes.fr\/blog\/index.php?rest_route=\/wp\/v2\/users\/5"}],"replies":[{"embeddable":true,"href":"https:\/\/www.ecolegabrieldeshayes.fr\/blog\/index.php?rest_route=%2Fwp%2Fv2%2Fcomments&post=968"}],"version-history":[{"count":3,"href":"https:\/\/www.ecolegabrieldeshayes.fr\/blog\/index.php?rest_route=\/wp\/v2\/posts\/968\/revisions"}],"predecessor-version":[{"id":976,"href":"https:\/\/www.ecolegabrieldeshayes.fr\/blog\/index.php?rest_route=\/wp\/v2\/posts\/968\/revisions\/976"}],"wp:attachment":[{"href":"https:\/\/www.ecolegabrieldeshayes.fr\/blog\/index.php?rest_route=%2Fwp%2Fv2%2Fmedia&parent=968"}],"wp:term":[{"taxonomy":"category","embeddable":true,"href":"https:\/\/www.ecolegabrieldeshayes.fr\/blog\/index.php?rest_route=%2Fwp%2Fv2%2Fcategories&post=968"},{"taxonomy":"post_tag","embeddable":true,"href":"https:\/\/www.ecolegabrieldeshayes.fr\/blog\/index.php?rest_route=%2Fwp%2Fv2%2Ftags&post=968"}],"curies":[{"name":"wp","href":"https:\/\/api.w.org\/{rel}","templated":true}]}}