{"id":984,"date":"2019-03-20T18:47:59","date_gmt":"2019-03-20T17:47:59","guid":{"rendered":"http:\/\/www.ecolegabrieldeshayes.fr\/blog\/?p=984"},"modified":"2019-03-20T18:48:25","modified_gmt":"2019-03-20T17:48:25","slug":"les-cm1-cm2-a-la-decouverte-de-la-biodiversite-de-la-petite-foret","status":"publish","type":"post","link":"https:\/\/www.ecolegabrieldeshayes.fr\/blog\/?p=984","title":{"rendered":"Les CM1-CM2 \u00e0 la d\u00e9couverte de la biodiversit\u00e9 de la Petite For\u00eat"},"content":{"rendered":"\n<figure class=\"wp-block-image\"><img loading=\"lazy\" decoding=\"async\" width=\"1024\" height=\"576\" src=\"https:\/\/www.ecolegabrieldeshayes.fr\/blog\/wp-content\/uploads\/20190319_094026-1024x576.jpg\" alt=\"\" class=\"wp-image-985\" srcset=\"https:\/\/www.ecolegabrieldeshayes.fr\/blog\/wp-content\/uploads\/20190319_094026-1024x576.jpg 1024w, https:\/\/www.ecolegabrieldeshayes.fr\/blog\/wp-content\/uploads\/20190319_094026-300x169.jpg 300w, https:\/\/www.ecolegabrieldeshayes.fr\/blog\/wp-content\/uploads\/20190319_094026-768x432.jpg 768w, https:\/\/www.ecolegabrieldeshayes.fr\/blog\/wp-content\/uploads\/20190319_094026.jpg 2000w\" sizes=\"auto, (max-width: 767px) 89vw, (max-width: 1000px) 54vw, (max-width: 1071px) 543px, 580px\" \/><\/figure>\n\n\n\n<p>Ce mardi matin, les \u00e9l\u00e8ves de CM1-CM2 se sont rendus \u00e0 la Petite For\u00eat afin de d\u00e9couvrir la biodiversit\u00e9 de notre r\u00e9gion.<\/p>\n\n\n\n<p>Plusieurs ateliers avaient \u00e9t\u00e9 pr\u00e9par\u00e9s par 3 \u00e9l\u00e8ves de Kerplouz, R\u00e9mi, Romain et Clarisse, qui ont brillamment men\u00e9 cette matin\u00e9e.<\/p>\n\n\n\n<p>Les \u00e9l\u00e8ves ont pu observer, jouer, r\u00e9fl\u00e9chir autour de notre biodiversit\u00e9, animaux et v\u00e9g\u00e9taux.<\/p>\n\n\n\n<p>Les photos :<a href=\"https:\/\/photos.app.goo.gl\/b3tVaafw64aCcake6\"> ici <\/a><\/p>\n","protected":false},"excerpt":{"rendered":"<p>Ce mardi matin, les \u00e9l\u00e8ves de CM1-CM2 se sont rendus \u00e0 la Petite For\u00eat afin de d\u00e9couvrir la biodiversit\u00e9 de notre r\u00e9gion. Plusieurs ateliers avaient \u00e9t\u00e9 pr\u00e9par\u00e9s par 3 \u00e9l\u00e8ves de Kerplouz, R\u00e9mi, Romain et Clarisse, qui ont brillamment men\u00e9 cette matin\u00e9e. Les \u00e9l\u00e8ves ont pu observer, jouer, r\u00e9fl\u00e9chir autour de notre biodiversit\u00e9, animaux et &hellip; <\/p>\n<p class=\"link-more\"><a href=\"https:\/\/www.ecolegabrieldeshayes.fr\/blog\/?p=984\" class=\"more-link\">Continuer la lecture<span class=\"screen-reader-text\"> de &laquo;&nbsp;Les CM1-CM2 \u00e0 la d\u00e9couverte de la biodiversit\u00e9 de la Petite For\u00eat&nbsp;&raquo;<\/span><\/a><\/p>\n","protected":false},"author":6,"featured_media":0,"comment_status":"closed","ping_status":"open","sticky":false,"template":"","format":"standard","meta":{"footnotes":""},"categories":[7],"tags":[],"class_list":["post-984","post","type-post","status-publish","format-standard","hentry","category-cycle-3"],"_links":{"self":[{"href":"https:\/\/www.ecolegabrieldeshayes.fr\/blog\/index.php?rest_route=\/wp\/v2\/posts\/984","targetHints":{"allow":["GET"]}}],"collection":[{"href":"https:\/\/www.ecolegabrieldeshayes.fr\/blog\/index.php?rest_route=\/wp\/v2\/posts"}],"about":[{"href":"https:\/\/www.ecolegabrieldeshayes.fr\/blog\/index.php?rest_route=\/wp\/v2\/types\/post"}],"author":[{"embeddable":true,"href":"https:\/\/www.ecolegabrieldeshayes.fr\/blog\/index.php?rest_route=\/wp\/v2\/users\/6"}],"replies":[{"embeddable":true,"href":"https:\/\/www.ecolegabrieldeshayes.fr\/blog\/index.php?rest_route=%2Fwp%2Fv2%2Fcomments&post=984"}],"version-history":[{"count":1,"href":"https:\/\/www.ecolegabrieldeshayes.fr\/blog\/index.php?rest_route=\/wp\/v2\/posts\/984\/revisions"}],"predecessor-version":[{"id":986,"href":"https:\/\/www.ecolegabrieldeshayes.fr\/blog\/index.php?rest_route=\/wp\/v2\/posts\/984\/revisions\/986"}],"wp:attachment":[{"href":"https:\/\/www.ecolegabrieldeshayes.fr\/blog\/index.php?rest_route=%2Fwp%2Fv2%2Fmedia&parent=984"}],"wp:term":[{"taxonomy":"category","embeddable":true,"href":"https:\/\/www.ecolegabrieldeshayes.fr\/blog\/index.php?rest_route=%2Fwp%2Fv2%2Fcategories&post=984"},{"taxonomy":"post_tag","embeddable":true,"href":"https:\/\/www.ecolegabrieldeshayes.fr\/blog\/index.php?rest_route=%2Fwp%2Fv2%2Ftags&post=984"}],"curies":[{"name":"wp","href":"https:\/\/api.w.org\/{rel}","templated":true}]}}