{"id":987,"date":"2019-03-20T19:08:40","date_gmt":"2019-03-20T18:08:40","guid":{"rendered":"http:\/\/www.ecolegabrieldeshayes.fr\/blog\/?p=987"},"modified":"2019-03-20T19:08:48","modified_gmt":"2019-03-20T18:08:48","slug":"trois-sophrologues-pour-la-semaine-du-cerveau","status":"publish","type":"post","link":"https:\/\/www.ecolegabrieldeshayes.fr\/blog\/?p=987","title":{"rendered":"Trois sophrologues pour la semaine du Cerveau"},"content":{"rendered":"\n<p>Lundi 11 mars, \u00e0 l&rsquo;occasion de la Semaine du Cerveau, trois sophrologues sont intervenues aupr\u00e8s des CM1-CM2.<\/p>\n\n\n\n<p>Sophie Marchand,  Sylvie Carde et Agn\u00e8s Merer ont ainsi expliqu\u00e9 et montr\u00e9 aux \u00e9l\u00e8ves le fonctionnement du cerveau et des \u00e9motions et l&rsquo;importance de la respiration.<\/p>\n\n\n\n<p>Le cerveau dans la main :<\/p>\n\n\n\n<figure class=\"wp-block-embed-youtube wp-block-embed is-type-video is-provider-youtube wp-embed-aspect-16-9 wp-has-aspect-ratio\"><div class=\"wp-block-embed__wrapper\">\n<iframe loading=\"lazy\" title=\"Le cerveau dans la main, pour aider les enfants \u00e0 g\u00e9rer leurs \u00e9motions\" width=\"525\" height=\"295\" src=\"https:\/\/www.youtube.com\/embed\/9aONSCU9v_w?feature=oembed\" frameborder=\"0\" allow=\"accelerometer; autoplay; clipboard-write; encrypted-media; gyroscope; picture-in-picture; web-share\" referrerpolicy=\"strict-origin-when-cross-origin\" allowfullscreen><\/iframe>\n<\/div><\/figure>\n\n\n\n<p>Les photos :<a href=\"https:\/\/photos.app.goo.gl\/yPo3t9dqQKEnbQK1A\"> Ici <\/a><\/p>\n","protected":false},"excerpt":{"rendered":"<p>Lundi 11 mars, \u00e0 l&rsquo;occasion de la Semaine du Cerveau, trois sophrologues sont intervenues aupr\u00e8s des CM1-CM2. Sophie Marchand, Sylvie Carde et Agn\u00e8s Merer ont ainsi expliqu\u00e9 et montr\u00e9 aux \u00e9l\u00e8ves le fonctionnement du cerveau et des \u00e9motions et l&rsquo;importance de la respiration. Le cerveau dans la main : Les photos : Ici<\/p>\n","protected":false},"author":6,"featured_media":0,"comment_status":"closed","ping_status":"open","sticky":false,"template":"","format":"standard","meta":{"footnotes":""},"categories":[7],"tags":[],"class_list":["post-987","post","type-post","status-publish","format-standard","hentry","category-cycle-3"],"_links":{"self":[{"href":"https:\/\/www.ecolegabrieldeshayes.fr\/blog\/index.php?rest_route=\/wp\/v2\/posts\/987","targetHints":{"allow":["GET"]}}],"collection":[{"href":"https:\/\/www.ecolegabrieldeshayes.fr\/blog\/index.php?rest_route=\/wp\/v2\/posts"}],"about":[{"href":"https:\/\/www.ecolegabrieldeshayes.fr\/blog\/index.php?rest_route=\/wp\/v2\/types\/post"}],"author":[{"embeddable":true,"href":"https:\/\/www.ecolegabrieldeshayes.fr\/blog\/index.php?rest_route=\/wp\/v2\/users\/6"}],"replies":[{"embeddable":true,"href":"https:\/\/www.ecolegabrieldeshayes.fr\/blog\/index.php?rest_route=%2Fwp%2Fv2%2Fcomments&post=987"}],"version-history":[{"count":1,"href":"https:\/\/www.ecolegabrieldeshayes.fr\/blog\/index.php?rest_route=\/wp\/v2\/posts\/987\/revisions"}],"predecessor-version":[{"id":988,"href":"https:\/\/www.ecolegabrieldeshayes.fr\/blog\/index.php?rest_route=\/wp\/v2\/posts\/987\/revisions\/988"}],"wp:attachment":[{"href":"https:\/\/www.ecolegabrieldeshayes.fr\/blog\/index.php?rest_route=%2Fwp%2Fv2%2Fmedia&parent=987"}],"wp:term":[{"taxonomy":"category","embeddable":true,"href":"https:\/\/www.ecolegabrieldeshayes.fr\/blog\/index.php?rest_route=%2Fwp%2Fv2%2Fcategories&post=987"},{"taxonomy":"post_tag","embeddable":true,"href":"https:\/\/www.ecolegabrieldeshayes.fr\/blog\/index.php?rest_route=%2Fwp%2Fv2%2Ftags&post=987"}],"curies":[{"name":"wp","href":"https:\/\/api.w.org\/{rel}","templated":true}]}}